{"id":8394,"date":"2023-11-10T17:04:46","date_gmt":"2023-11-10T20:04:46","guid":{"rendered":"https:\/\/festivaldecircodobrasil.com.br\/2023\/?p=8394"},"modified":"2023-11-10T17:05:59","modified_gmt":"2023-11-10T20:05:59","slug":"molavin","status":"publish","type":"post","link":"https:\/\/festivaldecircodobrasil.com.br\/2023\/molavin\/","title":{"rendered":"MOLAVIN"},"content":{"rendered":"<p><strong>Proyecto Migra e Galp\u00e3o de Guevara &lt;ARG&gt;<br \/>\n<\/strong>Dias 10 | P\u00e1tio da Igreja da V\u00e1rzea | 19h | Classifica\u00e7\u00e3o: Livre<\/p>\n<p>Trata-se de uma fant\u00e1stica \u00f3pera bufa, que conta a hist\u00f3ria de Boris, um homem de muitas faces: alquimista, contador de f\u00e1bulas, m\u00edstico, curandeiro e astr\u00f3logo, no tempo dos motores a vapor. O inquieto e instigante Boris questiona a efic\u00e1cia das novas tecnologias e resolve testar algumas diante do p\u00fablico. O resultado \u00e9 um espet\u00e1culo divertido, sedutor e inovador, trazendo com\u00e9dia e drama numa incr\u00edvel demonstra\u00e7\u00e3o de talento do grande artista que \u00e9 Tato Villanueva um ator, diretor, professor e palha\u00e7o, que iniciou a carreira em 2002, com espet\u00e1culos de rua percorrendo praticamente todos os pa\u00edses da Am\u00e9rica Latina e Europa.<\/p>\n<p><img loading=\"lazy\" decoding=\"async\" class=\"img-responsive alignnone size-medium wp-image-8395\" src=\"https:\/\/festivaldecircodobrasil.com.br\/2023\/wp-content\/uploads\/2023\/11\/49921512277_b407334835_c-300x200.jpg\" alt=\"\" width=\"300\" height=\"200\" srcset=\"https:\/\/festivaldecircodobrasil.com.br\/2023\/wp-content\/uploads\/2023\/11\/49921512277_b407334835_c-300x200.jpg 300w, https:\/\/festivaldecircodobrasil.com.br\/2023\/wp-content\/uploads\/2023\/11\/49921512277_b407334835_c-768x512.jpg 768w, https:\/\/festivaldecircodobrasil.com.br\/2023\/wp-content\/uploads\/2023\/11\/49921512277_b407334835_c.jpg 799w\" sizes=\"auto, (max-width: 300px) 100vw, 300px\" \/><\/p>\n","protected":false},"excerpt":{"rendered":"<p>Proyecto Migra e Galp\u00e3o de Guevara &lt;ARG&gt; Dias 10 | P\u00e1tio da Igreja da V\u00e1rzea | 19h | Classifica\u00e7\u00e3o: Livre Trata-se de uma fant\u00e1stica \u00f3pera bufa, que conta a hist\u00f3ria de Boris, um homem de muitas faces: alquimista, contador de f\u00e1bulas, m\u00edstico, curandeiro e astr\u00f3logo, no tempo dos motores a <a class=\"leiamais\" href=\"https:\/\/festivaldecircodobrasil.com.br\/2023\/molavin\/\">LER NOT\u00cdCIA<\/a><\/p>\n","protected":false},"author":1,"featured_media":8395,"comment_status":"open","ping_status":"open","sticky":false,"template":"","format":"standard","meta":{"footnotes":""},"categories":[6],"tags":[],"class_list":["post-8394","post","type-post","status-publish","format-standard","has-post-thumbnail","hentry","category-espetaculos","active"],"_links":{"self":[{"href":"https:\/\/festivaldecircodobrasil.com.br\/2023\/wp-json\/wp\/v2\/posts\/8394","targetHints":{"allow":["GET"]}}],"collection":[{"href":"https:\/\/festivaldecircodobrasil.com.br\/2023\/wp-json\/wp\/v2\/posts"}],"about":[{"href":"https:\/\/festivaldecircodobrasil.com.br\/2023\/wp-json\/wp\/v2\/types\/post"}],"author":[{"embeddable":true,"href":"https:\/\/festivaldecircodobrasil.com.br\/2023\/wp-json\/wp\/v2\/users\/1"}],"replies":[{"embeddable":true,"href":"https:\/\/festivaldecircodobrasil.com.br\/2023\/wp-json\/wp\/v2\/comments?post=8394"}],"version-history":[{"count":1,"href":"https:\/\/festivaldecircodobrasil.com.br\/2023\/wp-json\/wp\/v2\/posts\/8394\/revisions"}],"predecessor-version":[{"id":8396,"href":"https:\/\/festivaldecircodobrasil.com.br\/2023\/wp-json\/wp\/v2\/posts\/8394\/revisions\/8396"}],"wp:featuredmedia":[{"embeddable":true,"href":"https:\/\/festivaldecircodobrasil.com.br\/2023\/wp-json\/wp\/v2\/media\/8395"}],"wp:attachment":[{"href":"https:\/\/festivaldecircodobrasil.com.br\/2023\/wp-json\/wp\/v2\/media?parent=8394"}],"wp:term":[{"taxonomy":"category","embeddable":true,"href":"https:\/\/festivaldecircodobrasil.com.br\/2023\/wp-json\/wp\/v2\/categories?post=8394"},{"taxonomy":"post_tag","embeddable":true,"href":"https:\/\/festivaldecircodobrasil.com.br\/2023\/wp-json\/wp\/v2\/tags?post=8394"}],"curies":[{"name":"wp","href":"https:\/\/api.w.org\/{rel}","templated":true}]}}