{"id":7805,"date":"2023-10-20T22:58:50","date_gmt":"2023-10-21T01:58:50","guid":{"rendered":"https:\/\/festivaldecircodobrasil.com.br\/2023\/?p=7805"},"modified":"2023-10-21T21:29:38","modified_gmt":"2023-10-22T00:29:38","slug":"ficico-formacao-integral-de-circo-contemporaneo","status":"publish","type":"post","link":"https:\/\/festivaldecircodobrasil.com.br\/2023\/ficico-formacao-integral-de-circo-contemporaneo\/","title":{"rendered":"FICICO &#8211; FORMA\u00c7\u00c3O INTEGRAL DE CIRCO CONTEMPOR\u00c2NEO"},"content":{"rendered":"<p><strong>Do Proyecto Migra &lt;ARG&gt;<\/strong><\/p>\n<p><span style=\"font-weight: 400;\">FiCiCo \u00e9 uma forma\u00e7\u00e3o Integral para artistas de circo, onde ser\u00e1 proposto um treinamento que cruza a t\u00e9cnica circense com as ferramentas do teatro, da dan\u00e7a e dramaturgia. O trabalho aponta para a cria\u00e7\u00e3o de um m\u00e9todo criativo, de formaliza\u00e7\u00e3o e sensibiliza\u00e7\u00e3o do corpo do artista circense para habilitar novos canais expressivos e vivenciar treinamentos onde o foco est\u00e1 al\u00e9m da correta execu\u00e7\u00e3o da t\u00e9cnica.<\/p>\n<p><\/span><span style=\"font-weight: 400;\">Objetivos Gerais<\/span><\/p>\n<ul>\n<li style=\"font-weight: 400;\" aria-level=\"1\"><span style=\"font-weight: 400;\">Aprofundar a constru\u00e7\u00e3o de metodologias de investiga\u00e7\u00e3o e cria\u00e7\u00e3o c\u00eanica para artistas de circo.\u00a0<\/span><\/li>\n<li style=\"font-weight: 400;\" aria-level=\"1\"><span style=\"font-weight: 400;\">Incentivar a profissionaliza\u00e7\u00e3o do desenvolvimento c\u00eanico de circo contempor\u00e2neo.<\/span><\/li>\n<li style=\"font-weight: 400;\" aria-level=\"1\"><span style=\"font-weight: 400;\">Facilitar ferramentas que estimulem a investiga\u00e7\u00e3o t\u00e9cnica espec\u00edfica de cada \u00e1rea (acrobacia a\u00e9rea, clown, acrobacia de ch\u00e3o e malabares).\u00a0\u00a0<\/span><\/li>\n<li style=\"font-weight: 400;\" aria-level=\"1\"><span style=\"font-weight: 400;\">Criar um espa\u00e7o de encontro e interc\u00e2mbio entre xs artistxs que realizam a forma\u00e7\u00e3o, os docentes, o Proyecto Migra, o Mundo do Circo e a classe circense como um todo na cidade e no estado de S\u00e3o Paulo.<\/span><\/li>\n<\/ul>\n<p><b>Carga Hor\u00e1ria: <\/b><span style=\"font-weight: 400;\">18h\u00a0<\/span><\/p>\n<p>Teatro Hermilo:<br \/>\n07\/11 (ter\u00e7a-feira) &#8211; 13h \u00e0s 16h | 17h \u00e0s 20h<br \/>\n08\/11 (quarta-feira) &#8211; 09h \u00e0s 12h\u00a0 | 13h \u00e0s 16h<br \/>\n09\/11 (quinta-feira) &#8211; 09h \u00e0s 12h | 13h \u00e0s 16h<\/p>\n<p><img loading=\"lazy\" decoding=\"async\" class=\"img-responsive aligncenter size-full wp-image-7818\" src=\"https:\/\/festivaldecircodobrasil.com.br\/2023\/wp-content\/uploads\/2023\/10\/FICICO.jpg\" alt=\"\" width=\"1200\" height=\"800\" srcset=\"https:\/\/festivaldecircodobrasil.com.br\/2023\/wp-content\/uploads\/2023\/10\/FICICO.jpg 1200w, https:\/\/festivaldecircodobrasil.com.br\/2023\/wp-content\/uploads\/2023\/10\/FICICO-300x200.jpg 300w, https:\/\/festivaldecircodobrasil.com.br\/2023\/wp-content\/uploads\/2023\/10\/FICICO-1024x683.jpg 1024w, https:\/\/festivaldecircodobrasil.com.br\/2023\/wp-content\/uploads\/2023\/10\/FICICO-768x512.jpg 768w\" sizes=\"auto, (max-width: 1200px) 100vw, 1200px\" \/><\/p>\n","protected":false},"excerpt":{"rendered":"<p>Do Proyecto Migra &lt;ARG&gt; FiCiCo \u00e9 uma forma\u00e7\u00e3o Integral para artistas de circo, onde ser\u00e1 proposto um treinamento que cruza a t\u00e9cnica circense com as ferramentas do teatro, da dan\u00e7a e dramaturgia. O trabalho aponta para a cria\u00e7\u00e3o de um m\u00e9todo criativo, de formaliza\u00e7\u00e3o e sensibiliza\u00e7\u00e3o do corpo do artista <a class=\"leiamais\" href=\"https:\/\/festivaldecircodobrasil.com.br\/2023\/ficico-formacao-integral-de-circo-contemporaneo\/\">LER NOT\u00cdCIA<\/a><\/p>\n","protected":false},"author":1,"featured_media":7818,"comment_status":"open","ping_status":"open","sticky":false,"template":"","format":"standard","meta":{"footnotes":""},"categories":[5,13],"tags":[],"class_list":["post-7805","post","type-post","status-publish","format-standard","has-post-thumbnail","hentry","category-atracoes","category-oficinas","active"],"_links":{"self":[{"href":"https:\/\/festivaldecircodobrasil.com.br\/2023\/wp-json\/wp\/v2\/posts\/7805","targetHints":{"allow":["GET"]}}],"collection":[{"href":"https:\/\/festivaldecircodobrasil.com.br\/2023\/wp-json\/wp\/v2\/posts"}],"about":[{"href":"https:\/\/festivaldecircodobrasil.com.br\/2023\/wp-json\/wp\/v2\/types\/post"}],"author":[{"embeddable":true,"href":"https:\/\/festivaldecircodobrasil.com.br\/2023\/wp-json\/wp\/v2\/users\/1"}],"replies":[{"embeddable":true,"href":"https:\/\/festivaldecircodobrasil.com.br\/2023\/wp-json\/wp\/v2\/comments?post=7805"}],"version-history":[{"count":5,"href":"https:\/\/festivaldecircodobrasil.com.br\/2023\/wp-json\/wp\/v2\/posts\/7805\/revisions"}],"predecessor-version":[{"id":7826,"href":"https:\/\/festivaldecircodobrasil.com.br\/2023\/wp-json\/wp\/v2\/posts\/7805\/revisions\/7826"}],"wp:featuredmedia":[{"embeddable":true,"href":"https:\/\/festivaldecircodobrasil.com.br\/2023\/wp-json\/wp\/v2\/media\/7818"}],"wp:attachment":[{"href":"https:\/\/festivaldecircodobrasil.com.br\/2023\/wp-json\/wp\/v2\/media?parent=7805"}],"wp:term":[{"taxonomy":"category","embeddable":true,"href":"https:\/\/festivaldecircodobrasil.com.br\/2023\/wp-json\/wp\/v2\/categories?post=7805"},{"taxonomy":"post_tag","embeddable":true,"href":"https:\/\/festivaldecircodobrasil.com.br\/2023\/wp-json\/wp\/v2\/tags?post=7805"}],"curies":[{"name":"wp","href":"https:\/\/api.w.org\/{rel}","templated":true}]}}