{"id":7803,"date":"2023-10-20T22:58:34","date_gmt":"2023-10-21T01:58:34","guid":{"rendered":"https:\/\/festivaldecircodobrasil.com.br\/2023\/?p=7803"},"modified":"2023-10-21T21:31:44","modified_gmt":"2023-10-22T00:31:44","slug":"equilibrios-no-tecido-acrobatico","status":"publish","type":"post","link":"https:\/\/festivaldecircodobrasil.com.br\/2023\/equilibrios-no-tecido-acrobatico\/","title":{"rendered":"EQUIL\u00cdBRIOS NO TECIDO ACROB\u00c1TICO"},"content":{"rendered":"<p><strong>Main\u00e1 Souza &lt;BRA[PE]&gt;<\/strong><\/p>\n<p>\u00c9 um workshop que trabalha as bases de alguns equil\u00edbrios no tecido e poss\u00edveis passagens din\u00e2micas que os envolvem. S\u00e3o eles:\u00a0 Equil\u00edbrios no n\u00f3, Equil\u00edbrios na gota, Equil\u00edbrio de rim, Apoio de barriga, Equil\u00edbrios de espacate, Equil\u00edbrios no helic\u00f3ptero e Parada de m\u00e3os.<\/p>\n<p><span style=\"font-weight: 400;\">Os equil\u00edbrios no tecido s\u00e3o singulares pela instabilidade do aparelho, que se move, trazendo a necessidade de uma maior consci\u00eancia da distribui\u00e7\u00e3o do pr\u00f3prio peso nos apoios, e da postura, que \u00e9 ativa, mas n\u00e3o \u00e9 r\u00edgida, tendo certa dinamicidade para se adequar a esse\u00a0 movimento a que est\u00e1 submetida. A consci\u00eancia adquirida com o estudo dos equil\u00edbrios auxilia bastante em toda a movimenta\u00e7\u00e3o no tecido acrob\u00e1tico, podendo ser levada para o corpo cotidiano, desenvolvendo a propriocep\u00e7\u00e3o, a consci\u00eancia do corpo no espa\u00e7o, o agu\u00e7amento dos sentidos finos da pele e tamb\u00e9m dos m\u00fasculos, ossos e articula\u00e7\u00f5es. Equil\u00edbrio envolve concentra\u00e7\u00e3o e presen\u00e7a para se perceber e se organizar no di\u00e1logo com o entorno de forma global.<\/span><\/p>\n<p>Carga hor\u00e1ria: 3 horas<\/p>\n<p>Teatro Hermilo<br \/>\n07\/11 (quinta-feira) &#8211; 09h \u00e0s 12h<\/p>\n<p><img loading=\"lazy\" decoding=\"async\" class=\"img-responsive aligncenter size-full wp-image-7816\" src=\"https:\/\/festivaldecircodobrasil.com.br\/2023\/wp-content\/uploads\/2023\/10\/EQUILIBRIOS-NO-TECIDO-ACROBATICO.jpg\" alt=\"\" width=\"1200\" height=\"800\" srcset=\"https:\/\/festivaldecircodobrasil.com.br\/2023\/wp-content\/uploads\/2023\/10\/EQUILIBRIOS-NO-TECIDO-ACROBATICO.jpg 1200w, https:\/\/festivaldecircodobrasil.com.br\/2023\/wp-content\/uploads\/2023\/10\/EQUILIBRIOS-NO-TECIDO-ACROBATICO-300x200.jpg 300w, https:\/\/festivaldecircodobrasil.com.br\/2023\/wp-content\/uploads\/2023\/10\/EQUILIBRIOS-NO-TECIDO-ACROBATICO-1024x683.jpg 1024w, https:\/\/festivaldecircodobrasil.com.br\/2023\/wp-content\/uploads\/2023\/10\/EQUILIBRIOS-NO-TECIDO-ACROBATICO-768x512.jpg 768w\" sizes=\"auto, (max-width: 1200px) 100vw, 1200px\" \/><\/p>\n","protected":false},"excerpt":{"rendered":"<p>Main\u00e1 Souza &lt;BRA[PE]&gt; \u00c9 um workshop que trabalha as bases de alguns equil\u00edbrios no tecido e poss\u00edveis passagens din\u00e2micas que os envolvem. S\u00e3o eles:\u00a0 Equil\u00edbrios no n\u00f3, Equil\u00edbrios na gota, Equil\u00edbrio de rim, Apoio de barriga, Equil\u00edbrios de espacate, Equil\u00edbrios no helic\u00f3ptero e Parada de m\u00e3os. Os equil\u00edbrios no tecido <a class=\"leiamais\" href=\"https:\/\/festivaldecircodobrasil.com.br\/2023\/equilibrios-no-tecido-acrobatico\/\">LER NOT\u00cdCIA<\/a><\/p>\n","protected":false},"author":1,"featured_media":7816,"comment_status":"open","ping_status":"open","sticky":false,"template":"","format":"standard","meta":{"footnotes":""},"categories":[5,13],"tags":[],"class_list":["post-7803","post","type-post","status-publish","format-standard","has-post-thumbnail","hentry","category-atracoes","category-oficinas","active"],"_links":{"self":[{"href":"https:\/\/festivaldecircodobrasil.com.br\/2023\/wp-json\/wp\/v2\/posts\/7803","targetHints":{"allow":["GET"]}}],"collection":[{"href":"https:\/\/festivaldecircodobrasil.com.br\/2023\/wp-json\/wp\/v2\/posts"}],"about":[{"href":"https:\/\/festivaldecircodobrasil.com.br\/2023\/wp-json\/wp\/v2\/types\/post"}],"author":[{"embeddable":true,"href":"https:\/\/festivaldecircodobrasil.com.br\/2023\/wp-json\/wp\/v2\/users\/1"}],"replies":[{"embeddable":true,"href":"https:\/\/festivaldecircodobrasil.com.br\/2023\/wp-json\/wp\/v2\/comments?post=7803"}],"version-history":[{"count":5,"href":"https:\/\/festivaldecircodobrasil.com.br\/2023\/wp-json\/wp\/v2\/posts\/7803\/revisions"}],"predecessor-version":[{"id":7829,"href":"https:\/\/festivaldecircodobrasil.com.br\/2023\/wp-json\/wp\/v2\/posts\/7803\/revisions\/7829"}],"wp:featuredmedia":[{"embeddable":true,"href":"https:\/\/festivaldecircodobrasil.com.br\/2023\/wp-json\/wp\/v2\/media\/7816"}],"wp:attachment":[{"href":"https:\/\/festivaldecircodobrasil.com.br\/2023\/wp-json\/wp\/v2\/media?parent=7803"}],"wp:term":[{"taxonomy":"category","embeddable":true,"href":"https:\/\/festivaldecircodobrasil.com.br\/2023\/wp-json\/wp\/v2\/categories?post=7803"},{"taxonomy":"post_tag","embeddable":true,"href":"https:\/\/festivaldecircodobrasil.com.br\/2023\/wp-json\/wp\/v2\/tags?post=7803"}],"curies":[{"name":"wp","href":"https:\/\/api.w.org\/{rel}","templated":true}]}}