{"id":7801,"date":"2023-10-20T22:58:19","date_gmt":"2023-10-21T01:58:19","guid":{"rendered":"https:\/\/festivaldecircodobrasil.com.br\/2023\/?p=7801"},"modified":"2023-10-21T21:33:33","modified_gmt":"2023-10-22T00:33:33","slug":"cartografias-criativas","status":"publish","type":"post","link":"https:\/\/festivaldecircodobrasil.com.br\/2023\/cartografias-criativas\/","title":{"rendered":"CARTOGRAFIAS CRIATIVAS"},"content":{"rendered":"<p><strong>Noel Rosas &lt;URU&gt;<\/strong><\/p>\n<p>\u00c9 um workshop de pesquisa sobre metodologias de cria\u00e7\u00e3o c\u00eanica voltado para profissionais e artistas emergentes nas \u00e1reas do circo, dan\u00e7a, performance e hibridismo na cena. <span style=\"font-weight: 400;\">A proposta aborda o criativo como processo e tecido que reflexiona sobre os modos de fazer nestes tempos e territ\u00f3rios. Prop\u00f5e-se como inst\u00e2ncia pr\u00e1tico-te\u00f3rica, para experimentar os procedimentos coreogr\u00e1ficos e dramat\u00fargicos que realizamos nas artes c\u00eanicas por meio de exerc\u00edcios de movimento, escrita, leitura, jogos, trocas pr\u00e1ticas e an\u00e1lises. O convite \u00e9 gerar situa\u00e7\u00f5es que nos comovem e provoquem, no treino da sensibilidade po\u00e9tico-l\u00fadico-afetiva.<\/p>\n<p>Carga hor\u00e1ria: 6 horas<\/span><\/p>\n<p>Teatro Hermilo<br \/>\n10\/11 (quinta-feira) &#8211; 09h \u00e0s 12h | 13h \u00e0s 16<\/p>\n<p><img loading=\"lazy\" decoding=\"async\" class=\"img-responsive aligncenter size-full wp-image-7814\" src=\"https:\/\/festivaldecircodobrasil.com.br\/2023\/wp-content\/uploads\/2023\/10\/CARTOGRAFIAS-CRIATIVAS.jpg\" alt=\"\" width=\"1200\" height=\"800\" srcset=\"https:\/\/festivaldecircodobrasil.com.br\/2023\/wp-content\/uploads\/2023\/10\/CARTOGRAFIAS-CRIATIVAS.jpg 1200w, https:\/\/festivaldecircodobrasil.com.br\/2023\/wp-content\/uploads\/2023\/10\/CARTOGRAFIAS-CRIATIVAS-300x200.jpg 300w, https:\/\/festivaldecircodobrasil.com.br\/2023\/wp-content\/uploads\/2023\/10\/CARTOGRAFIAS-CRIATIVAS-1024x683.jpg 1024w, https:\/\/festivaldecircodobrasil.com.br\/2023\/wp-content\/uploads\/2023\/10\/CARTOGRAFIAS-CRIATIVAS-768x512.jpg 768w\" sizes=\"auto, (max-width: 1200px) 100vw, 1200px\" \/><\/p>\n","protected":false},"excerpt":{"rendered":"<p>Noel Rosas &lt;URU&gt; \u00c9 um workshop de pesquisa sobre metodologias de cria\u00e7\u00e3o c\u00eanica voltado para profissionais e artistas emergentes nas \u00e1reas do circo, dan\u00e7a, performance e hibridismo na cena. A proposta aborda o criativo como processo e tecido que reflexiona sobre os modos de fazer nestes tempos e territ\u00f3rios. Prop\u00f5e-se <a class=\"leiamais\" href=\"https:\/\/festivaldecircodobrasil.com.br\/2023\/cartografias-criativas\/\">LER NOT\u00cdCIA<\/a><\/p>\n","protected":false},"author":1,"featured_media":7814,"comment_status":"open","ping_status":"open","sticky":false,"template":"","format":"standard","meta":{"footnotes":""},"categories":[5,13],"tags":[],"class_list":["post-7801","post","type-post","status-publish","format-standard","has-post-thumbnail","hentry","category-atracoes","category-oficinas","active"],"_links":{"self":[{"href":"https:\/\/festivaldecircodobrasil.com.br\/2023\/wp-json\/wp\/v2\/posts\/7801","targetHints":{"allow":["GET"]}}],"collection":[{"href":"https:\/\/festivaldecircodobrasil.com.br\/2023\/wp-json\/wp\/v2\/posts"}],"about":[{"href":"https:\/\/festivaldecircodobrasil.com.br\/2023\/wp-json\/wp\/v2\/types\/post"}],"author":[{"embeddable":true,"href":"https:\/\/festivaldecircodobrasil.com.br\/2023\/wp-json\/wp\/v2\/users\/1"}],"replies":[{"embeddable":true,"href":"https:\/\/festivaldecircodobrasil.com.br\/2023\/wp-json\/wp\/v2\/comments?post=7801"}],"version-history":[{"count":3,"href":"https:\/\/festivaldecircodobrasil.com.br\/2023\/wp-json\/wp\/v2\/posts\/7801\/revisions"}],"predecessor-version":[{"id":7830,"href":"https:\/\/festivaldecircodobrasil.com.br\/2023\/wp-json\/wp\/v2\/posts\/7801\/revisions\/7830"}],"wp:featuredmedia":[{"embeddable":true,"href":"https:\/\/festivaldecircodobrasil.com.br\/2023\/wp-json\/wp\/v2\/media\/7814"}],"wp:attachment":[{"href":"https:\/\/festivaldecircodobrasil.com.br\/2023\/wp-json\/wp\/v2\/media?parent=7801"}],"wp:term":[{"taxonomy":"category","embeddable":true,"href":"https:\/\/festivaldecircodobrasil.com.br\/2023\/wp-json\/wp\/v2\/categories?post=7801"},{"taxonomy":"post_tag","embeddable":true,"href":"https:\/\/festivaldecircodobrasil.com.br\/2023\/wp-json\/wp\/v2\/tags?post=7801"}],"curies":[{"name":"wp","href":"https:\/\/api.w.org\/{rel}","templated":true}]}}