{"id":7799,"date":"2023-10-19T14:50:01","date_gmt":"2023-10-19T17:50:01","guid":{"rendered":"https:\/\/festivaldecircodobrasil.com.br\/2023\/?p=7799"},"modified":"2023-11-02T13:13:58","modified_gmt":"2023-11-02T16:13:58","slug":"experimento-vi-isso-nao-e-um-numero","status":"publish","type":"post","link":"https:\/\/festivaldecircodobrasil.com.br\/2023\/experimento-vi-isso-nao-e-um-numero\/","title":{"rendered":"EXPERIMENTO VI: ISSO (N\u00c3O) \u00c9 UM N\u00daMERO DE CIRCO"},"content":{"rendered":"<p><strong>Cie Devir &lt;BRA[PE]&gt;<br \/>\n<\/strong><em>Dia 12\/11 | Museu do Estado de Pernambuco (Apresenta\u00e7\u00e3o Gratuita) | Hor\u00e1rio: A partir das 14h | Classifica\u00e7\u00e3o: Livre<\/em><strong><br \/>\n<\/strong><\/p>\n<p>O que pode o circo? Quais seus limites, se \u00e9 que eles existem, enquanto linguagem art\u00edstica? Em \u201cExperimento IV: Isso N\u00e3o \u00e9 um N\u00famero de Circo\u201d, os artistas pernambucanos Jo\u00e3o Lucas Cavalcanti e Vitor Lima provocam e envolvem o p\u00fablico atrav\u00e9s de um espet\u00e1culo que agrega circo contempor\u00e2neo, teatro e cultura pop no que pode parecer uma esp\u00e9cie de aula-espet\u00e1culo.<\/p>\n<p>Marcada por elementos autobiogr\u00e1ficos e pela dissolu\u00e7\u00e3o da barreira entre real e ficcional, a obra nasce de uma pesquisa no aparelho a\u00e9reo multicordas e entrega uma dramaturgia que convida o p\u00fablico a jogar e respirar junto com os artistas do come\u00e7o ao fim. Vencedor de um pr\u00eamio no Janeiro de Grandes Espet\u00e1culos em 2023, o espet\u00e1culo tem circulado por festivais de circo h\u00e1 1 ano.<\/p>\n<p><img loading=\"lazy\" decoding=\"async\" class=\"img-responsive aligncenter size-full wp-image-7838\" src=\"https:\/\/festivaldecircodobrasil.com.br\/2023\/wp-content\/uploads\/2023\/10\/Experimento-VI-ISSO-NAO-E-UM-NUMERO-Thais-Lima-fotografa-1.jpg\" alt=\"\" width=\"1200\" height=\"800\" srcset=\"https:\/\/festivaldecircodobrasil.com.br\/2023\/wp-content\/uploads\/2023\/10\/Experimento-VI-ISSO-NAO-E-UM-NUMERO-Thais-Lima-fotografa-1.jpg 1200w, https:\/\/festivaldecircodobrasil.com.br\/2023\/wp-content\/uploads\/2023\/10\/Experimento-VI-ISSO-NAO-E-UM-NUMERO-Thais-Lima-fotografa-1-300x200.jpg 300w, https:\/\/festivaldecircodobrasil.com.br\/2023\/wp-content\/uploads\/2023\/10\/Experimento-VI-ISSO-NAO-E-UM-NUMERO-Thais-Lima-fotografa-1-1024x683.jpg 1024w, https:\/\/festivaldecircodobrasil.com.br\/2023\/wp-content\/uploads\/2023\/10\/Experimento-VI-ISSO-NAO-E-UM-NUMERO-Thais-Lima-fotografa-1-768x512.jpg 768w\" sizes=\"auto, (max-width: 1200px) 100vw, 1200px\" \/><\/p>\n","protected":false},"excerpt":{"rendered":"<p>Cie Devir &lt;BRA[PE]&gt; Dia 12\/11 | Museu do Estado de Pernambuco (Apresenta\u00e7\u00e3o Gratuita) | Hor\u00e1rio: A partir das 14h | Classifica\u00e7\u00e3o: Livre O que pode o circo? Quais seus limites, se \u00e9 que eles existem, enquanto linguagem art\u00edstica? Em \u201cExperimento IV: Isso N\u00e3o \u00e9 um N\u00famero de Circo\u201d, os artistas <a class=\"leiamais\" href=\"https:\/\/festivaldecircodobrasil.com.br\/2023\/experimento-vi-isso-nao-e-um-numero\/\">LER NOT\u00cdCIA<\/a><\/p>\n","protected":false},"author":1,"featured_media":7838,"comment_status":"open","ping_status":"open","sticky":false,"template":"","format":"standard","meta":{"footnotes":""},"categories":[5,6],"tags":[],"class_list":["post-7799","post","type-post","status-publish","format-standard","has-post-thumbnail","hentry","category-atracoes","category-espetaculos","active"],"_links":{"self":[{"href":"https:\/\/festivaldecircodobrasil.com.br\/2023\/wp-json\/wp\/v2\/posts\/7799","targetHints":{"allow":["GET"]}}],"collection":[{"href":"https:\/\/festivaldecircodobrasil.com.br\/2023\/wp-json\/wp\/v2\/posts"}],"about":[{"href":"https:\/\/festivaldecircodobrasil.com.br\/2023\/wp-json\/wp\/v2\/types\/post"}],"author":[{"embeddable":true,"href":"https:\/\/festivaldecircodobrasil.com.br\/2023\/wp-json\/wp\/v2\/users\/1"}],"replies":[{"embeddable":true,"href":"https:\/\/festivaldecircodobrasil.com.br\/2023\/wp-json\/wp\/v2\/comments?post=7799"}],"version-history":[{"count":7,"href":"https:\/\/festivaldecircodobrasil.com.br\/2023\/wp-json\/wp\/v2\/posts\/7799\/revisions"}],"predecessor-version":[{"id":7912,"href":"https:\/\/festivaldecircodobrasil.com.br\/2023\/wp-json\/wp\/v2\/posts\/7799\/revisions\/7912"}],"wp:featuredmedia":[{"embeddable":true,"href":"https:\/\/festivaldecircodobrasil.com.br\/2023\/wp-json\/wp\/v2\/media\/7838"}],"wp:attachment":[{"href":"https:\/\/festivaldecircodobrasil.com.br\/2023\/wp-json\/wp\/v2\/media?parent=7799"}],"wp:term":[{"taxonomy":"category","embeddable":true,"href":"https:\/\/festivaldecircodobrasil.com.br\/2023\/wp-json\/wp\/v2\/categories?post=7799"},{"taxonomy":"post_tag","embeddable":true,"href":"https:\/\/festivaldecircodobrasil.com.br\/2023\/wp-json\/wp\/v2\/tags?post=7799"}],"curies":[{"name":"wp","href":"https:\/\/api.w.org\/{rel}","templated":true}]}}