{"id":7797,"date":"2023-10-20T22:57:31","date_gmt":"2023-10-21T01:57:31","guid":{"rendered":"https:\/\/festivaldecircodobrasil.com.br\/2023\/?p=7797"},"modified":"2023-10-22T12:54:56","modified_gmt":"2023-10-22T15:54:56","slug":"por-um-fio","status":"publish","type":"post","link":"https:\/\/festivaldecircodobrasil.com.br\/2023\/por-um-fio\/","title":{"rendered":"POR UM FIO"},"content":{"rendered":"<p><strong>Dioc\u00e9lio Barbosa &#8211; Trupe Arlequin &lt;BRA[PB]&gt;<\/strong><\/p>\n<p>\u00c9 uma palestra-performance sobre a cria\u00e7\u00e3o dramat\u00fargica do solo circense \u201cPor um Fio\u201d por meio da revela\u00e7\u00e3o de mem\u00f3rias de bastidores e documentos pessoais, relacionando o processo criativo com quest\u00f5es sociais contempor\u00e2neas. O artista Dioc\u00e9lio Barbosa revisita a experi\u00eancia c\u00eanica que foi concebida durante a resid\u00eancia art\u00edstica contemplada pelo Pr\u00eamio Funarte de Est\u00edmulo ao Circo 2021-\u00a0 e faz um convite a todos para pisar na terra, colher mem\u00f3rias, cavar documentos, colher frutas e se pendurar em uma a\u00e7\u00e3o de tran\u00e7ar, tramar, costurar, alinhavar, tecer, coser, remendar, unir, juntar, ligar, fiar imagin\u00e1rios.<\/p>\n<p>O artista faz uma condu\u00e7\u00e3o para o universo da terra, aquela que carrega em suas asas mesmo quando al\u00e7a voos longos, numa experi\u00eancia c\u00eanica constitu\u00edda por um entrecruzamento entre as linguagens art\u00edsticas do circo, do teatro, da dan\u00e7a, da performance e das artes visuais. S\u00e3o nesses lugares que Barbosa se sustenta para voar em\/com uma corda lisa em di\u00e1logo com uma outra materialidade, uma antiga mangueira. As quase mortes, os destinos, os soterramentos das mem\u00f3rias de quintais, as idas e vindas s\u00e3o quest\u00f5es que interpenetram e retroalimentam o fio dramat\u00fargico da obra.<\/p>\n<p>Teatro Hermilo<br \/>\n10\/11 (quinta-feira) &#8211; 18h<br \/>\nApresenta\u00e7\u00e3o gratuita. A entrada ser\u00e1 por ordem de chegada at\u00e9 a lota\u00e7\u00e3o do espa\u00e7o.<\/p>\n<p>Classifica\u00e7\u00e3o indicativa: 14 anos<\/p>\n<p><img loading=\"lazy\" decoding=\"async\" class=\"img-responsive aligncenter size-full wp-image-7836\" src=\"https:\/\/festivaldecircodobrasil.com.br\/2023\/wp-content\/uploads\/2023\/10\/POR-UM-FIO.jpg\" alt=\"\" width=\"1200\" height=\"800\" srcset=\"https:\/\/festivaldecircodobrasil.com.br\/2023\/wp-content\/uploads\/2023\/10\/POR-UM-FIO.jpg 1200w, https:\/\/festivaldecircodobrasil.com.br\/2023\/wp-content\/uploads\/2023\/10\/POR-UM-FIO-300x200.jpg 300w, https:\/\/festivaldecircodobrasil.com.br\/2023\/wp-content\/uploads\/2023\/10\/POR-UM-FIO-1024x683.jpg 1024w, https:\/\/festivaldecircodobrasil.com.br\/2023\/wp-content\/uploads\/2023\/10\/POR-UM-FIO-768x512.jpg 768w\" sizes=\"auto, (max-width: 1200px) 100vw, 1200px\" \/><\/p>\n","protected":false},"excerpt":{"rendered":"<p>Dioc\u00e9lio Barbosa &#8211; Trupe Arlequin &lt;BRA[PB]&gt; \u00c9 uma palestra-performance sobre a cria\u00e7\u00e3o dramat\u00fargica do solo circense \u201cPor um Fio\u201d por meio da revela\u00e7\u00e3o de mem\u00f3rias de bastidores e documentos pessoais, relacionando o processo criativo com quest\u00f5es sociais contempor\u00e2neas. O artista Dioc\u00e9lio Barbosa revisita a experi\u00eancia c\u00eanica que foi concebida durante <a class=\"leiamais\" href=\"https:\/\/festivaldecircodobrasil.com.br\/2023\/por-um-fio\/\">LER NOT\u00cdCIA<\/a><\/p>\n","protected":false},"author":1,"featured_media":7836,"comment_status":"open","ping_status":"open","sticky":false,"template":"","format":"standard","meta":{"footnotes":""},"categories":[5,13],"tags":[],"class_list":["post-7797","post","type-post","status-publish","format-standard","has-post-thumbnail","hentry","category-atracoes","category-oficinas","active"],"_links":{"self":[{"href":"https:\/\/festivaldecircodobrasil.com.br\/2023\/wp-json\/wp\/v2\/posts\/7797","targetHints":{"allow":["GET"]}}],"collection":[{"href":"https:\/\/festivaldecircodobrasil.com.br\/2023\/wp-json\/wp\/v2\/posts"}],"about":[{"href":"https:\/\/festivaldecircodobrasil.com.br\/2023\/wp-json\/wp\/v2\/types\/post"}],"author":[{"embeddable":true,"href":"https:\/\/festivaldecircodobrasil.com.br\/2023\/wp-json\/wp\/v2\/users\/1"}],"replies":[{"embeddable":true,"href":"https:\/\/festivaldecircodobrasil.com.br\/2023\/wp-json\/wp\/v2\/comments?post=7797"}],"version-history":[{"count":2,"href":"https:\/\/festivaldecircodobrasil.com.br\/2023\/wp-json\/wp\/v2\/posts\/7797\/revisions"}],"predecessor-version":[{"id":7837,"href":"https:\/\/festivaldecircodobrasil.com.br\/2023\/wp-json\/wp\/v2\/posts\/7797\/revisions\/7837"}],"wp:featuredmedia":[{"embeddable":true,"href":"https:\/\/festivaldecircodobrasil.com.br\/2023\/wp-json\/wp\/v2\/media\/7836"}],"wp:attachment":[{"href":"https:\/\/festivaldecircodobrasil.com.br\/2023\/wp-json\/wp\/v2\/media?parent=7797"}],"wp:term":[{"taxonomy":"category","embeddable":true,"href":"https:\/\/festivaldecircodobrasil.com.br\/2023\/wp-json\/wp\/v2\/categories?post=7797"},{"taxonomy":"post_tag","embeddable":true,"href":"https:\/\/festivaldecircodobrasil.com.br\/2023\/wp-json\/wp\/v2\/tags?post=7797"}],"curies":[{"name":"wp","href":"https:\/\/api.w.org\/{rel}","templated":true}]}}