{"id":7791,"date":"2023-10-20T22:44:25","date_gmt":"2023-10-21T01:44:25","guid":{"rendered":"https:\/\/festivaldecircodobrasil.com.br\/2023\/?p=7791"},"modified":"2023-11-02T12:59:26","modified_gmt":"2023-11-02T15:59:26","slug":"um-domingo","status":"publish","type":"post","link":"https:\/\/festivaldecircodobrasil.com.br\/2023\/um-domingo\/","title":{"rendered":"UM DOMINGO"},"content":{"rendered":"<p><strong>Proyecto Migra e Galp\u00e3o de Guevara &lt;ARG&gt;<br \/>\n<\/strong>Dias 11 e 12\/11| Teatro de Santa Isabel | 20h (s\u00e1bado) e 18h (domingo) | Classifica\u00e7\u00e3o: 12 anos<\/p>\n<p><img loading=\"lazy\" decoding=\"async\" class=\"img-responsive alignnone size-medium wp-image-7832\" src=\"https:\/\/festivaldecircodobrasil.com.br\/2023\/wp-content\/uploads\/2023\/10\/PELEA-FOTO-DE-GRAFICA.jpg\" alt=\"\" width=\"1\" height=\"1\" \/><img loading=\"lazy\" decoding=\"async\" class=\"img-responsive alignnone size-medium wp-image-7832\" src=\"https:\/\/festivaldecircodobrasil.com.br\/2023\/wp-content\/uploads\/2023\/10\/PELEA-FOTO-DE-GRAFICA.jpg\" alt=\"\" width=\"1\" height=\"1\" \/>Um Domingo e uma fam\u00edlia que vive em um duvidoso luxo. Mentalidade medieval, impulsos de sonhos americanos e romances torcidos, transitam entre del\u00edrios imperiais e comportamentos de animais primitivos. Uma tens\u00e3o reina neste mundo onde tudo parece poss\u00edvel. Objetos com vida, corpos acrob\u00e1ticos e contorcidos que projetam potentes emo\u00e7\u00f5es. Um mundo com regras sociais e ps\u00edquicas inquietantes e rid\u00edculas, que nos transportam do riso \u00e0 consterna\u00e7\u00e3o.<\/p>\n<p>Um circo-teatro que cont\u00e9m, ao mesmo tempo, toda a vulgaridade e a gra\u00e7a do ser. Corpos comprometidos ao extremo, sentimentos crus e as mais refinadas aten\u00e7\u00f5es. \u00c9 um lado sociol\u00f3gico e perform\u00e1tico, uma imers\u00e3o em uma fam\u00edlia felliniana onde tudo transborda, o amor e o \u00f3dio.<\/p>\n<p>Existe um convidado. Ele \u00e9 a causa deste desastre? Ou ele simplesmente se v\u00ea envolvido na vida desta fam\u00edlia deplor\u00e1vel? Os domingos as vezes s\u00e3o dias de festa\u2026 e que festa!<\/p>\n<p>&nbsp;<\/p>\n<p><iframe loading=\"lazy\" title=\"Um Domingo - Proyecto Migra e Galp\u00e3o Guevara\" width=\"500\" height=\"281\" src=\"https:\/\/www.youtube.com\/embed\/OvzXFrwy6PI?feature=oembed\" frameborder=\"0\" allow=\"accelerometer; autoplay; clipboard-write; encrypted-media; gyroscope; picture-in-picture; web-share\" referrerpolicy=\"strict-origin-when-cross-origin\" allowfullscreen><\/iframe><\/p>\n","protected":false},"excerpt":{"rendered":"<p>Proyecto Migra e Galp\u00e3o de Guevara &lt;ARG&gt; Dias 11 e 12\/11| Teatro de Santa Isabel | 20h (s\u00e1bado) e 18h (domingo) | Classifica\u00e7\u00e3o: 12 anos Um Domingo e uma fam\u00edlia que vive em um duvidoso luxo. Mentalidade medieval, impulsos de sonhos americanos e romances torcidos, transitam entre del\u00edrios imperiais e <a class=\"leiamais\" href=\"https:\/\/festivaldecircodobrasil.com.br\/2023\/um-domingo\/\">LER NOT\u00cdCIA<\/a><\/p>\n","protected":false},"author":1,"featured_media":7792,"comment_status":"open","ping_status":"open","sticky":false,"template":"","format":"standard","meta":{"footnotes":""},"categories":[5,6],"tags":[],"class_list":["post-7791","post","type-post","status-publish","format-standard","has-post-thumbnail","hentry","category-atracoes","category-espetaculos","active"],"_links":{"self":[{"href":"https:\/\/festivaldecircodobrasil.com.br\/2023\/wp-json\/wp\/v2\/posts\/7791","targetHints":{"allow":["GET"]}}],"collection":[{"href":"https:\/\/festivaldecircodobrasil.com.br\/2023\/wp-json\/wp\/v2\/posts"}],"about":[{"href":"https:\/\/festivaldecircodobrasil.com.br\/2023\/wp-json\/wp\/v2\/types\/post"}],"author":[{"embeddable":true,"href":"https:\/\/festivaldecircodobrasil.com.br\/2023\/wp-json\/wp\/v2\/users\/1"}],"replies":[{"embeddable":true,"href":"https:\/\/festivaldecircodobrasil.com.br\/2023\/wp-json\/wp\/v2\/comments?post=7791"}],"version-history":[{"count":6,"href":"https:\/\/festivaldecircodobrasil.com.br\/2023\/wp-json\/wp\/v2\/posts\/7791\/revisions"}],"predecessor-version":[{"id":7890,"href":"https:\/\/festivaldecircodobrasil.com.br\/2023\/wp-json\/wp\/v2\/posts\/7791\/revisions\/7890"}],"wp:featuredmedia":[{"embeddable":true,"href":"https:\/\/festivaldecircodobrasil.com.br\/2023\/wp-json\/wp\/v2\/media\/7792"}],"wp:attachment":[{"href":"https:\/\/festivaldecircodobrasil.com.br\/2023\/wp-json\/wp\/v2\/media?parent=7791"}],"wp:term":[{"taxonomy":"category","embeddable":true,"href":"https:\/\/festivaldecircodobrasil.com.br\/2023\/wp-json\/wp\/v2\/categories?post=7791"},{"taxonomy":"post_tag","embeddable":true,"href":"https:\/\/festivaldecircodobrasil.com.br\/2023\/wp-json\/wp\/v2\/tags?post=7791"}],"curies":[{"name":"wp","href":"https:\/\/api.w.org\/{rel}","templated":true}]}}