{"id":7785,"date":"2023-10-20T22:42:57","date_gmt":"2023-10-21T01:42:57","guid":{"rendered":"https:\/\/festivaldecircodobrasil.com.br\/2023\/?p=7785"},"modified":"2023-11-07T14:34:51","modified_gmt":"2023-11-07T17:34:51","slug":"orquestra-de-malabares-da-espanha-spok-big-band","status":"publish","type":"post","link":"https:\/\/festivaldecircodobrasil.com.br\/2023\/orquestra-de-malabares-da-espanha-spok-big-band\/","title":{"rendered":"ORQUESTRA DE MALABARES DA ESPANHA &#038; SPOK BIG BAND"},"content":{"rendered":"<p><strong>Pistacatro Productora de So\u00f1os &lt;ESP&gt; + Maestro Spok &lt;BRA[PE]<br \/>\n<\/strong>Dia 08\/11| Teatro do Parque | 19h30 | Classifica\u00e7\u00e3o: Livre<\/p>\n<p>Dois mundos no mesmo palco: o Circo e a M\u00fasica. Seis malabaristas da Espanha e mais de 25 m\u00fasicos locais regidos pelo Maestro Spok se encontram e tocam juntos para realizar um dos mais originais e emocionantes projetos apresentados na Europa, que agora chega ao Brasil. Os m\u00fasicos locais da Spok Big Band s\u00e3o convidados a sair da sua zona de conforto e participam, agindo como atores, de um espet\u00e1culo teatral circense tocando m\u00fasicas e estilos pouco comuns.<\/p>\n<p>&nbsp;<\/p>\n<p>Trata-se de um concerto onde os malabaristas s\u00e3o os bailarinos deste bal\u00e9 a\u00e9reo. Os clarinetes, os saxofones e os trompetes s\u00e3o os pintores de uma pintura expressionista. Um show de instrumentos dourados, tambores, camisas brancas, uniformes e obras cl\u00e1ssicas magistrais, mas tamb\u00e9m shorts, camisetas, \u00f3culos escuros, funk, blues, pop e punk. Uma reuni\u00e3o da tradi\u00e7\u00e3o e da inova\u00e7\u00e3o.<\/p>\n<p>&nbsp;<\/p>\n<p><iframe loading=\"lazy\" title=\"Orquestra de Malabares da Espanha &amp; Spok Big Band - Pistacatro Productora de So\u00f1os  + Maestro Spok\" width=\"500\" height=\"281\" src=\"https:\/\/www.youtube.com\/embed\/aUD-kd_A2tU?feature=oembed\" frameborder=\"0\" allow=\"accelerometer; autoplay; clipboard-write; encrypted-media; gyroscope; picture-in-picture; web-share\" referrerpolicy=\"strict-origin-when-cross-origin\" allowfullscreen><\/iframe><\/p>\n","protected":false},"excerpt":{"rendered":"<p>Pistacatro Productora de So\u00f1os &lt;ESP&gt; + Maestro Spok &lt;BRA[PE] Dia 08\/11| Teatro do Parque | 19h30 | Classifica\u00e7\u00e3o: Livre Dois mundos no mesmo palco: o Circo e a M\u00fasica. Seis malabaristas da Espanha e mais de 25 m\u00fasicos locais regidos pelo Maestro Spok se encontram e tocam juntos para realizar <a class=\"leiamais\" href=\"https:\/\/festivaldecircodobrasil.com.br\/2023\/orquestra-de-malabares-da-espanha-spok-big-band\/\">LER NOT\u00cdCIA<\/a><\/p>\n","protected":false},"author":1,"featured_media":7786,"comment_status":"open","ping_status":"open","sticky":false,"template":"","format":"standard","meta":{"footnotes":""},"categories":[5,6],"tags":[],"class_list":["post-7785","post","type-post","status-publish","format-standard","has-post-thumbnail","hentry","category-atracoes","category-espetaculos","active"],"_links":{"self":[{"href":"https:\/\/festivaldecircodobrasil.com.br\/2023\/wp-json\/wp\/v2\/posts\/7785","targetHints":{"allow":["GET"]}}],"collection":[{"href":"https:\/\/festivaldecircodobrasil.com.br\/2023\/wp-json\/wp\/v2\/posts"}],"about":[{"href":"https:\/\/festivaldecircodobrasil.com.br\/2023\/wp-json\/wp\/v2\/types\/post"}],"author":[{"embeddable":true,"href":"https:\/\/festivaldecircodobrasil.com.br\/2023\/wp-json\/wp\/v2\/users\/1"}],"replies":[{"embeddable":true,"href":"https:\/\/festivaldecircodobrasil.com.br\/2023\/wp-json\/wp\/v2\/comments?post=7785"}],"version-history":[{"count":3,"href":"https:\/\/festivaldecircodobrasil.com.br\/2023\/wp-json\/wp\/v2\/posts\/7785\/revisions"}],"predecessor-version":[{"id":8388,"href":"https:\/\/festivaldecircodobrasil.com.br\/2023\/wp-json\/wp\/v2\/posts\/7785\/revisions\/8388"}],"wp:featuredmedia":[{"embeddable":true,"href":"https:\/\/festivaldecircodobrasil.com.br\/2023\/wp-json\/wp\/v2\/media\/7786"}],"wp:attachment":[{"href":"https:\/\/festivaldecircodobrasil.com.br\/2023\/wp-json\/wp\/v2\/media?parent=7785"}],"wp:term":[{"taxonomy":"category","embeddable":true,"href":"https:\/\/festivaldecircodobrasil.com.br\/2023\/wp-json\/wp\/v2\/categories?post=7785"},{"taxonomy":"post_tag","embeddable":true,"href":"https:\/\/festivaldecircodobrasil.com.br\/2023\/wp-json\/wp\/v2\/tags?post=7785"}],"curies":[{"name":"wp","href":"https:\/\/api.w.org\/{rel}","templated":true}]}}