{"id":7782,"date":"2023-10-20T22:42:01","date_gmt":"2023-10-21T01:42:01","guid":{"rendered":"https:\/\/festivaldecircodobrasil.com.br\/2023\/?p=7782"},"modified":"2023-10-30T17:03:40","modified_gmt":"2023-10-30T20:03:40","slug":"circo-de-los-pies","status":"publish","type":"post","link":"https:\/\/festivaldecircodobrasil.com.br\/2023\/circo-de-los-pies\/","title":{"rendered":"CIRCO DE LOS PIES"},"content":{"rendered":"<p><strong>La Luna Cia. De Teatro &lt;BRA[SP}&gt;<\/strong><\/p>\n<p>Dia 07\/11 | Teatro Apolo |\u00a0 19h (P\u00fablico em geral)<br \/>\nDia 08\/11 | Teatro Apolo |10h e 15h (Escolas)<br \/>\nDia 09\/11 |Sesc Ler S\u00e3o Louren\u00e7o da Mata | 15h (Apresenta\u00e7\u00e3o gratuita)<\/p>\n<p>\u00c9 um espet\u00e1culo de anima\u00e7\u00e3o c\u00f4mico-circense no qual a palha\u00e7a Asmeline d\u00e1 vida e apresenta ao p\u00fablico seus dois p\u00e9s sem conserto: Pez\u00e3o e Pezinho &#8211; personalidades distintas que dividem um mesmo corpo. De maneira po\u00e9tica, cada p\u00e9 se revela, com seus sonhos e frustra\u00e7\u00f5es, \u00eaxitos e fracassos. Juntos, criam um pequeno circo feito de desvios e, n\u00famero ap\u00f3s n\u00famero, surpreendem o p\u00fablico com o inesperado: p\u00e9s n\u00e3o foram feitos somente para estarem no ch\u00e3o, p\u00e9s tamb\u00e9m podem voar.<\/p>\n<p>Atrav\u00e9s da atmosfera circense e do realismo fant\u00e1stico, o espet\u00e1culo aborda, de forma l\u00fadica e aprofundada, as tem\u00e1ticas da acessibilidade, inclus\u00e3o\u00a0e\u00a0capacitismo.<\/p>\n<p>Classifica\u00e7\u00e3o: Livre<\/p>\n<p><iframe loading=\"lazy\" title=\"Circo de Los Pies - La Luna Cia de Teatro\" width=\"500\" height=\"281\" src=\"https:\/\/www.youtube.com\/embed\/6qRyfQSPAGM?feature=oembed\" frameborder=\"0\" allow=\"accelerometer; autoplay; clipboard-write; encrypted-media; gyroscope; picture-in-picture; web-share\" referrerpolicy=\"strict-origin-when-cross-origin\" allowfullscreen><\/iframe><\/p>\n","protected":false},"excerpt":{"rendered":"<p>La Luna Cia. De Teatro &lt;BRA[SP}&gt; Dia 07\/11 | Teatro Apolo |\u00a0 19h (P\u00fablico em geral) Dia 08\/11 | Teatro Apolo |10h e 15h (Escolas) Dia 09\/11 |Sesc Ler S\u00e3o Louren\u00e7o da Mata | 15h (Apresenta\u00e7\u00e3o gratuita) \u00c9 um espet\u00e1culo de anima\u00e7\u00e3o c\u00f4mico-circense no qual a palha\u00e7a Asmeline d\u00e1 vida <a class=\"leiamais\" href=\"https:\/\/festivaldecircodobrasil.com.br\/2023\/circo-de-los-pies\/\">LER NOT\u00cdCIA<\/a><\/p>\n","protected":false},"author":1,"featured_media":7783,"comment_status":"open","ping_status":"open","sticky":false,"template":"","format":"standard","meta":{"footnotes":""},"categories":[5,6],"tags":[],"class_list":["post-7782","post","type-post","status-publish","format-standard","has-post-thumbnail","hentry","category-atracoes","category-espetaculos","active"],"_links":{"self":[{"href":"https:\/\/festivaldecircodobrasil.com.br\/2023\/wp-json\/wp\/v2\/posts\/7782","targetHints":{"allow":["GET"]}}],"collection":[{"href":"https:\/\/festivaldecircodobrasil.com.br\/2023\/wp-json\/wp\/v2\/posts"}],"about":[{"href":"https:\/\/festivaldecircodobrasil.com.br\/2023\/wp-json\/wp\/v2\/types\/post"}],"author":[{"embeddable":true,"href":"https:\/\/festivaldecircodobrasil.com.br\/2023\/wp-json\/wp\/v2\/users\/1"}],"replies":[{"embeddable":true,"href":"https:\/\/festivaldecircodobrasil.com.br\/2023\/wp-json\/wp\/v2\/comments?post=7782"}],"version-history":[{"count":5,"href":"https:\/\/festivaldecircodobrasil.com.br\/2023\/wp-json\/wp\/v2\/posts\/7782\/revisions"}],"predecessor-version":[{"id":7877,"href":"https:\/\/festivaldecircodobrasil.com.br\/2023\/wp-json\/wp\/v2\/posts\/7782\/revisions\/7877"}],"wp:featuredmedia":[{"embeddable":true,"href":"https:\/\/festivaldecircodobrasil.com.br\/2023\/wp-json\/wp\/v2\/media\/7783"}],"wp:attachment":[{"href":"https:\/\/festivaldecircodobrasil.com.br\/2023\/wp-json\/wp\/v2\/media?parent=7782"}],"wp:term":[{"taxonomy":"category","embeddable":true,"href":"https:\/\/festivaldecircodobrasil.com.br\/2023\/wp-json\/wp\/v2\/categories?post=7782"},{"taxonomy":"post_tag","embeddable":true,"href":"https:\/\/festivaldecircodobrasil.com.br\/2023\/wp-json\/wp\/v2\/tags?post=7782"}],"curies":[{"name":"wp","href":"https:\/\/api.w.org\/{rel}","templated":true}]}}