{"id":7776,"date":"2023-10-20T22:40:12","date_gmt":"2023-10-21T01:40:12","guid":{"rendered":"https:\/\/festivaldecircodobrasil.com.br\/2023\/?p=7776"},"modified":"2023-11-02T13:02:27","modified_gmt":"2023-11-02T16:02:27","slug":"la-ceremonia-el-suicidio-de-una-idea-y-la-decadencia-del-poder","status":"publish","type":"post","link":"https:\/\/festivaldecircodobrasil.com.br\/2023\/la-ceremonia-el-suicidio-de-una-idea-y-la-decadencia-del-poder\/","title":{"rendered":"LA CEREMONIA. EL SUIC\u00cdDIO DE UNA IDEA Y LA DECAD\u00caNCIA DEL PODER"},"content":{"rendered":"<p><strong>Cia Tomi Soko &lt;ARG&gt;<br \/>\n<\/strong>Dia 10\/11| Teatro Apolo | 20h\u00a0 Classifica\u00e7\u00e3o: 12 anos<\/p>\n<p>\u00c9 um del\u00edrio tragic\u00f4mico que nos questiona sobre o colapso das estruturas quando as ideias s\u00e3o levadas ao limite. Uma par\u00f3dia quase surreal das situa\u00e7\u00f5es que ocorrem nas esferas do poder. Na cena, o personagem vive a sua gl\u00f3ria e sua decad\u00eancia.<\/p>\n<p>Suas estruturas o consomem. Eles v\u00eam um contra o outro. Suas promessas s\u00e3o apenas palavras. A vertigem da a\u00e7\u00e3o o levar\u00e1 ao precip\u00edcio, dando origem a um novo estado. Algo inesperado.<\/p>\n<p>&nbsp;<\/p>\n<p><iframe loading=\"lazy\" title=\"La Ceremonia: El suic\u00eddio de uma idea y la decad\u00eancia del poder - Cia Tomi Soko\" width=\"500\" height=\"281\" src=\"https:\/\/www.youtube.com\/embed\/UHM-cap9iy0?feature=oembed\" frameborder=\"0\" allow=\"accelerometer; autoplay; clipboard-write; encrypted-media; gyroscope; picture-in-picture; web-share\" referrerpolicy=\"strict-origin-when-cross-origin\" allowfullscreen><\/iframe><\/p>\n","protected":false},"excerpt":{"rendered":"<p>Cia Tomi Soko &lt;ARG&gt; Dia 10\/11| Teatro Apolo | 20h\u00a0 Classifica\u00e7\u00e3o: 12 anos \u00c9 um del\u00edrio tragic\u00f4mico que nos questiona sobre o colapso das estruturas quando as ideias s\u00e3o levadas ao limite. Uma par\u00f3dia quase surreal das situa\u00e7\u00f5es que ocorrem nas esferas do poder. Na cena, o personagem vive a <a class=\"leiamais\" href=\"https:\/\/festivaldecircodobrasil.com.br\/2023\/la-ceremonia-el-suicidio-de-una-idea-y-la-decadencia-del-poder\/\">LER NOT\u00cdCIA<\/a><\/p>\n","protected":false},"author":1,"featured_media":7777,"comment_status":"open","ping_status":"open","sticky":false,"template":"","format":"standard","meta":{"footnotes":""},"categories":[5,6],"tags":[],"class_list":["post-7776","post","type-post","status-publish","format-standard","has-post-thumbnail","hentry","category-atracoes","category-espetaculos","active"],"_links":{"self":[{"href":"https:\/\/festivaldecircodobrasil.com.br\/2023\/wp-json\/wp\/v2\/posts\/7776","targetHints":{"allow":["GET"]}}],"collection":[{"href":"https:\/\/festivaldecircodobrasil.com.br\/2023\/wp-json\/wp\/v2\/posts"}],"about":[{"href":"https:\/\/festivaldecircodobrasil.com.br\/2023\/wp-json\/wp\/v2\/types\/post"}],"author":[{"embeddable":true,"href":"https:\/\/festivaldecircodobrasil.com.br\/2023\/wp-json\/wp\/v2\/users\/1"}],"replies":[{"embeddable":true,"href":"https:\/\/festivaldecircodobrasil.com.br\/2023\/wp-json\/wp\/v2\/comments?post=7776"}],"version-history":[{"count":2,"href":"https:\/\/festivaldecircodobrasil.com.br\/2023\/wp-json\/wp\/v2\/posts\/7776\/revisions"}],"predecessor-version":[{"id":7895,"href":"https:\/\/festivaldecircodobrasil.com.br\/2023\/wp-json\/wp\/v2\/posts\/7776\/revisions\/7895"}],"wp:featuredmedia":[{"embeddable":true,"href":"https:\/\/festivaldecircodobrasil.com.br\/2023\/wp-json\/wp\/v2\/media\/7777"}],"wp:attachment":[{"href":"https:\/\/festivaldecircodobrasil.com.br\/2023\/wp-json\/wp\/v2\/media?parent=7776"}],"wp:term":[{"taxonomy":"category","embeddable":true,"href":"https:\/\/festivaldecircodobrasil.com.br\/2023\/wp-json\/wp\/v2\/categories?post=7776"},{"taxonomy":"post_tag","embeddable":true,"href":"https:\/\/festivaldecircodobrasil.com.br\/2023\/wp-json\/wp\/v2\/tags?post=7776"}],"curies":[{"name":"wp","href":"https:\/\/api.w.org\/{rel}","templated":true}]}}