{"id":7773,"date":"2023-10-20T22:39:04","date_gmt":"2023-10-21T01:39:04","guid":{"rendered":"https:\/\/festivaldecircodobrasil.com.br\/2023\/?p=7773"},"modified":"2023-11-02T13:03:33","modified_gmt":"2023-11-02T16:03:33","slug":"traits","status":"publish","type":"post","link":"https:\/\/festivaldecircodobrasil.com.br\/2023\/traits\/","title":{"rendered":"TRAIT(S)"},"content":{"rendered":"<p><strong>Cie SCoM &#8211; Coline Garcia &lt;FRA&gt;<br \/>\n<\/strong>Dia 10\/11 |Sesc Ler S\u00e3o Louren\u00e7o da Mata | Hor\u00e1rio: 19h (Apresenta\u00e7\u00e3o gratuita)<br \/>\nDia 11\/11| Teatro Hermilo Borba Filho | 16h\u00a0 Classifica\u00e7\u00e3o: Livre<\/p>\n<p>\u00c9 um ensaio gr\u00e1fico da arte circense. Dirigido \u00e0s crian\u00e7as, o espet\u00e1culo oferece uma revisita\u00e7\u00e3o contempor\u00e2nea de tr\u00eas fundamentos do circo: o corpo, a fam\u00edlia e o c\u00edrculo. Inspirado nas obras dos pintores Joan Mir\u00f3 e Vassili Kandinsky, Trait(s) apresenta um artista de circo na roda cyr. Na sua forma e na sua finalidade, do aparelho ao picadeiro, o espet\u00e1culo explora o c\u00edrculo para explorar o que faz o circo.<\/p>\n<p>Ao ritmo do surgimento das formas e cores, sob a a\u00e7\u00e3o do aparelho, o movimento circense \u00e9 escrito e desenhado. Trait(s) \u00e9 um exemplo em que a arte \u00e9 o material.<\/p>\n<p><img loading=\"lazy\" decoding=\"async\" class=\"img-responsive aligncenter size-full wp-image-7774\" src=\"https:\/\/festivaldecircodobrasil.com.br\/2023\/wp-content\/uploads\/2023\/10\/TRAITs.jpg\" alt=\"\" width=\"1200\" height=\"800\" srcset=\"https:\/\/festivaldecircodobrasil.com.br\/2023\/wp-content\/uploads\/2023\/10\/TRAITs.jpg 1200w, https:\/\/festivaldecircodobrasil.com.br\/2023\/wp-content\/uploads\/2023\/10\/TRAITs-300x200.jpg 300w, https:\/\/festivaldecircodobrasil.com.br\/2023\/wp-content\/uploads\/2023\/10\/TRAITs-1024x683.jpg 1024w, https:\/\/festivaldecircodobrasil.com.br\/2023\/wp-content\/uploads\/2023\/10\/TRAITs-768x512.jpg 768w\" sizes=\"auto, (max-width: 1200px) 100vw, 1200px\" \/><\/p>\n","protected":false},"excerpt":{"rendered":"<p>Cie SCoM &#8211; Coline Garcia &lt;FRA&gt; Dia 10\/11 |Sesc Ler S\u00e3o Louren\u00e7o da Mata | Hor\u00e1rio: 19h (Apresenta\u00e7\u00e3o gratuita) Dia 11\/11| Teatro Hermilo Borba Filho | 16h\u00a0 Classifica\u00e7\u00e3o: Livre \u00c9 um ensaio gr\u00e1fico da arte circense. Dirigido \u00e0s crian\u00e7as, o espet\u00e1culo oferece uma revisita\u00e7\u00e3o contempor\u00e2nea de tr\u00eas fundamentos do circo: <a class=\"leiamais\" href=\"https:\/\/festivaldecircodobrasil.com.br\/2023\/traits\/\">LER NOT\u00cdCIA<\/a><\/p>\n","protected":false},"author":1,"featured_media":7774,"comment_status":"open","ping_status":"open","sticky":false,"template":"","format":"standard","meta":{"footnotes":""},"categories":[5,6],"tags":[],"class_list":["post-7773","post","type-post","status-publish","format-standard","has-post-thumbnail","hentry","category-atracoes","category-espetaculos","active"],"_links":{"self":[{"href":"https:\/\/festivaldecircodobrasil.com.br\/2023\/wp-json\/wp\/v2\/posts\/7773","targetHints":{"allow":["GET"]}}],"collection":[{"href":"https:\/\/festivaldecircodobrasil.com.br\/2023\/wp-json\/wp\/v2\/posts"}],"about":[{"href":"https:\/\/festivaldecircodobrasil.com.br\/2023\/wp-json\/wp\/v2\/types\/post"}],"author":[{"embeddable":true,"href":"https:\/\/festivaldecircodobrasil.com.br\/2023\/wp-json\/wp\/v2\/users\/1"}],"replies":[{"embeddable":true,"href":"https:\/\/festivaldecircodobrasil.com.br\/2023\/wp-json\/wp\/v2\/comments?post=7773"}],"version-history":[{"count":2,"href":"https:\/\/festivaldecircodobrasil.com.br\/2023\/wp-json\/wp\/v2\/posts\/7773\/revisions"}],"predecessor-version":[{"id":7896,"href":"https:\/\/festivaldecircodobrasil.com.br\/2023\/wp-json\/wp\/v2\/posts\/7773\/revisions\/7896"}],"wp:featuredmedia":[{"embeddable":true,"href":"https:\/\/festivaldecircodobrasil.com.br\/2023\/wp-json\/wp\/v2\/media\/7774"}],"wp:attachment":[{"href":"https:\/\/festivaldecircodobrasil.com.br\/2023\/wp-json\/wp\/v2\/media?parent=7773"}],"wp:term":[{"taxonomy":"category","embeddable":true,"href":"https:\/\/festivaldecircodobrasil.com.br\/2023\/wp-json\/wp\/v2\/categories?post=7773"},{"taxonomy":"post_tag","embeddable":true,"href":"https:\/\/festivaldecircodobrasil.com.br\/2023\/wp-json\/wp\/v2\/tags?post=7773"}],"curies":[{"name":"wp","href":"https:\/\/api.w.org\/{rel}","templated":true}]}}