{"id":7764,"date":"2023-10-20T22:35:06","date_gmt":"2023-10-21T01:35:06","guid":{"rendered":"https:\/\/festivaldecircodobrasil.com.br\/2023\/?p=7764"},"modified":"2023-11-02T13:14:05","modified_gmt":"2023-11-02T16:14:05","slug":"marcelino-em-pente-fino","status":"publish","type":"post","link":"https:\/\/festivaldecircodobrasil.com.br\/2023\/marcelino-em-pente-fino\/","title":{"rendered":"MARCELINO EM PENTE FINO"},"content":{"rendered":"<p><strong>Cia LaClass Exc\u00eantricos &lt;BRA[SP]&gt;<\/strong><br \/>\n<em>Dia 12\/11 | Museu do Estado de Pernambuco (Apresenta\u00e7\u00e3o Gratuita) | Hor\u00e1rio: A partir das 14h <\/em>| Classifica\u00e7\u00e3o: Livre<\/p>\n<p>O espet\u00e1culo \u00e9 um solo de um palha\u00e7o equilibrista m\u00e1gico musical.\u00a0\u00a0Marcelino \u00e9 um maestro exc\u00eantrico que comp\u00f5e com tudo que est\u00e1 \u00e0 sua volta.\u00a0\u00a0Clown, aporta di\u00e1logos e conflitos construindo pequenas composi\u00e7\u00f5es com seus atos, sua musicalidade e m\u00e1gicas. Ele dan\u00e7a, canta e emociona num tom \u201cchapliniano\u201d.<\/p>\n<p>&nbsp;<\/p>\n<p><img loading=\"lazy\" decoding=\"async\" class=\"img-responsive aligncenter size-full wp-image-7765\" src=\"https:\/\/festivaldecircodobrasil.com.br\/2023\/wp-content\/uploads\/2023\/10\/Marcelino-em-Pente-Fino.jpg\" alt=\"\" width=\"1200\" height=\"800\" srcset=\"https:\/\/festivaldecircodobrasil.com.br\/2023\/wp-content\/uploads\/2023\/10\/Marcelino-em-Pente-Fino.jpg 1200w, https:\/\/festivaldecircodobrasil.com.br\/2023\/wp-content\/uploads\/2023\/10\/Marcelino-em-Pente-Fino-300x200.jpg 300w, https:\/\/festivaldecircodobrasil.com.br\/2023\/wp-content\/uploads\/2023\/10\/Marcelino-em-Pente-Fino-1024x683.jpg 1024w, https:\/\/festivaldecircodobrasil.com.br\/2023\/wp-content\/uploads\/2023\/10\/Marcelino-em-Pente-Fino-768x512.jpg 768w\" sizes=\"auto, (max-width: 1200px) 100vw, 1200px\" \/><\/p>\n<p>Teaser: <a href=\"https:\/\/www.youtube.com\/watch?v=gWqMFYeQusk\">https:\/\/www.youtube.com\/watch?v=gWqMFYeQusk<\/a><\/p>\n","protected":false},"excerpt":{"rendered":"<p>Cia LaClass Exc\u00eantricos &lt;BRA[SP]&gt; Dia 12\/11 | Museu do Estado de Pernambuco (Apresenta\u00e7\u00e3o Gratuita) | Hor\u00e1rio: A partir das 14h | Classifica\u00e7\u00e3o: Livre O espet\u00e1culo \u00e9 um solo de um palha\u00e7o equilibrista m\u00e1gico musical.\u00a0\u00a0Marcelino \u00e9 um maestro exc\u00eantrico que comp\u00f5e com tudo que est\u00e1 \u00e0 sua volta.\u00a0\u00a0Clown, aporta di\u00e1logos e <a class=\"leiamais\" href=\"https:\/\/festivaldecircodobrasil.com.br\/2023\/marcelino-em-pente-fino\/\">LER NOT\u00cdCIA<\/a><\/p>\n","protected":false},"author":1,"featured_media":7765,"comment_status":"open","ping_status":"open","sticky":false,"template":"","format":"standard","meta":{"footnotes":""},"categories":[5,6],"tags":[],"class_list":["post-7764","post","type-post","status-publish","format-standard","has-post-thumbnail","hentry","category-atracoes","category-espetaculos","active"],"_links":{"self":[{"href":"https:\/\/festivaldecircodobrasil.com.br\/2023\/wp-json\/wp\/v2\/posts\/7764","targetHints":{"allow":["GET"]}}],"collection":[{"href":"https:\/\/festivaldecircodobrasil.com.br\/2023\/wp-json\/wp\/v2\/posts"}],"about":[{"href":"https:\/\/festivaldecircodobrasil.com.br\/2023\/wp-json\/wp\/v2\/types\/post"}],"author":[{"embeddable":true,"href":"https:\/\/festivaldecircodobrasil.com.br\/2023\/wp-json\/wp\/v2\/users\/1"}],"replies":[{"embeddable":true,"href":"https:\/\/festivaldecircodobrasil.com.br\/2023\/wp-json\/wp\/v2\/comments?post=7764"}],"version-history":[{"count":7,"href":"https:\/\/festivaldecircodobrasil.com.br\/2023\/wp-json\/wp\/v2\/posts\/7764\/revisions"}],"predecessor-version":[{"id":7908,"href":"https:\/\/festivaldecircodobrasil.com.br\/2023\/wp-json\/wp\/v2\/posts\/7764\/revisions\/7908"}],"wp:featuredmedia":[{"embeddable":true,"href":"https:\/\/festivaldecircodobrasil.com.br\/2023\/wp-json\/wp\/v2\/media\/7765"}],"wp:attachment":[{"href":"https:\/\/festivaldecircodobrasil.com.br\/2023\/wp-json\/wp\/v2\/media?parent=7764"}],"wp:term":[{"taxonomy":"category","embeddable":true,"href":"https:\/\/festivaldecircodobrasil.com.br\/2023\/wp-json\/wp\/v2\/categories?post=7764"},{"taxonomy":"post_tag","embeddable":true,"href":"https:\/\/festivaldecircodobrasil.com.br\/2023\/wp-json\/wp\/v2\/tags?post=7764"}],"curies":[{"name":"wp","href":"https:\/\/api.w.org\/{rel}","templated":true}]}}