{"id":7748,"date":"2023-10-19T14:57:02","date_gmt":"2023-10-19T17:57:02","guid":{"rendered":"https:\/\/festivaldecircodobrasil.com.br\/2023\/?p=7748"},"modified":"2023-11-02T13:12:15","modified_gmt":"2023-11-02T16:12:15","slug":"viver-com-morrer-com","status":"publish","type":"post","link":"https:\/\/festivaldecircodobrasil.com.br\/2023\/viver-com-morrer-com\/","title":{"rendered":"VIVER COM, MORRER COM"},"content":{"rendered":"<p><strong>A Penca &lt;BRA[SP]&gt;<br \/>\n<\/strong><em>Dia 11\/11 |Teatro Apolo | Hor\u00e1rio: 19h | Classifica\u00e7\u00e3o: Livre<\/em><strong><br \/>\n<\/strong><\/p>\n<p>O trabalho \u00e9 uma c\u00e9lula do projeto Fabula\u00e7\u00f5es Simpo\u00e9ticas, que o coletivo paulistano circense A Penca desenvolve h\u00e1 cerca de 4 anos, investigando parcerias criativas entre mulheres e \u00e1rvores. Ap\u00f3s passar um per\u00edodo acompanhando o servi\u00e7o de poda de \u00e1rvores de S\u00e3o Paulo e coletando troncos, galhos e hist\u00f3rias, as artistas prop\u00f5em uma ressignifica\u00e7\u00e3o das mat\u00e9rias naturais que seriam descartadas como lixo pela grande cidade.<\/p>\n<p>Inspiradas por estudos sobre natureza e g\u00eanero, utilizando pr\u00e1ticas de movimenta\u00e7\u00e3o a\u00e9rea de circo e manipula\u00e7\u00e3o de objetos, transformam peda\u00e7os de \u00e1rvores em protagonistas e parceiros c\u00eanicos, confabulando possibilidades de estar em rela\u00e7\u00e3o e inventar mundos.<\/p>\n<p><img loading=\"lazy\" decoding=\"async\" class=\"img-responsive aligncenter size-full wp-image-7749\" src=\"https:\/\/festivaldecircodobrasil.com.br\/2023\/wp-content\/uploads\/2023\/10\/VivercomMorrercom.jpg\" alt=\"\" width=\"1200\" height=\"800\" srcset=\"https:\/\/festivaldecircodobrasil.com.br\/2023\/wp-content\/uploads\/2023\/10\/VivercomMorrercom.jpg 1200w, https:\/\/festivaldecircodobrasil.com.br\/2023\/wp-content\/uploads\/2023\/10\/VivercomMorrercom-300x200.jpg 300w, https:\/\/festivaldecircodobrasil.com.br\/2023\/wp-content\/uploads\/2023\/10\/VivercomMorrercom-1024x683.jpg 1024w, https:\/\/festivaldecircodobrasil.com.br\/2023\/wp-content\/uploads\/2023\/10\/VivercomMorrercom-768x512.jpg 768w\" sizes=\"auto, (max-width: 1200px) 100vw, 1200px\" \/><\/p>\n","protected":false},"excerpt":{"rendered":"<p>A Penca &lt;BRA[SP]&gt; Dia 11\/11 |Teatro Apolo | Hor\u00e1rio: 19h | Classifica\u00e7\u00e3o: Livre O trabalho \u00e9 uma c\u00e9lula do projeto Fabula\u00e7\u00f5es Simpo\u00e9ticas, que o coletivo paulistano circense A Penca desenvolve h\u00e1 cerca de 4 anos, investigando parcerias criativas entre mulheres e \u00e1rvores. Ap\u00f3s passar um per\u00edodo acompanhando o servi\u00e7o de <a class=\"leiamais\" href=\"https:\/\/festivaldecircodobrasil.com.br\/2023\/viver-com-morrer-com\/\">LER NOT\u00cdCIA<\/a><\/p>\n","protected":false},"author":1,"featured_media":7749,"comment_status":"open","ping_status":"open","sticky":false,"template":"","format":"standard","meta":{"footnotes":""},"categories":[5,6],"tags":[],"class_list":["post-7748","post","type-post","status-publish","format-standard","has-post-thumbnail","hentry","category-atracoes","category-espetaculos","active"],"_links":{"self":[{"href":"https:\/\/festivaldecircodobrasil.com.br\/2023\/wp-json\/wp\/v2\/posts\/7748","targetHints":{"allow":["GET"]}}],"collection":[{"href":"https:\/\/festivaldecircodobrasil.com.br\/2023\/wp-json\/wp\/v2\/posts"}],"about":[{"href":"https:\/\/festivaldecircodobrasil.com.br\/2023\/wp-json\/wp\/v2\/types\/post"}],"author":[{"embeddable":true,"href":"https:\/\/festivaldecircodobrasil.com.br\/2023\/wp-json\/wp\/v2\/users\/1"}],"replies":[{"embeddable":true,"href":"https:\/\/festivaldecircodobrasil.com.br\/2023\/wp-json\/wp\/v2\/comments?post=7748"}],"version-history":[{"count":4,"href":"https:\/\/festivaldecircodobrasil.com.br\/2023\/wp-json\/wp\/v2\/posts\/7748\/revisions"}],"predecessor-version":[{"id":7906,"href":"https:\/\/festivaldecircodobrasil.com.br\/2023\/wp-json\/wp\/v2\/posts\/7748\/revisions\/7906"}],"wp:featuredmedia":[{"embeddable":true,"href":"https:\/\/festivaldecircodobrasil.com.br\/2023\/wp-json\/wp\/v2\/media\/7749"}],"wp:attachment":[{"href":"https:\/\/festivaldecircodobrasil.com.br\/2023\/wp-json\/wp\/v2\/media?parent=7748"}],"wp:term":[{"taxonomy":"category","embeddable":true,"href":"https:\/\/festivaldecircodobrasil.com.br\/2023\/wp-json\/wp\/v2\/categories?post=7748"},{"taxonomy":"post_tag","embeddable":true,"href":"https:\/\/festivaldecircodobrasil.com.br\/2023\/wp-json\/wp\/v2\/tags?post=7748"}],"curies":[{"name":"wp","href":"https:\/\/api.w.org\/{rel}","templated":true}]}}